{"id":1801,"date":"2023-01-20T05:53:09","date_gmt":"2023-01-20T05:53:09","guid":{"rendered":"https:\/\/hebdosyna.com\/site\/?p=1801"},"modified":"2023-01-22T22:16:10","modified_gmt":"2023-01-22T22:16:10","slug":"saarlouis-sarre-allemagne","status":"publish","type":"post","link":"https:\/\/hebdosyna.com\/site\/2023\/01\/20\/saarlouis-sarre-allemagne\/","title":{"rendered":"Sarrelouis, Sarre, Allemagne"},"content":{"rendered":"\n<figure class=\"wp-block-image size-large\"><img loading=\"lazy\" decoding=\"async\" width=\"1024\" height=\"247\" src=\"https:\/\/hebdosyna.com\/site\/wp-content\/uploads\/2023\/01\/image-3-1024x247.png\" alt=\"\" class=\"wp-image-1807\" srcset=\"https:\/\/hebdosyna.com\/site\/wp-content\/uploads\/2023\/01\/image-3-1024x247.png 1024w, https:\/\/hebdosyna.com\/site\/wp-content\/uploads\/2023\/01\/image-3-300x72.png 300w, https:\/\/hebdosyna.com\/site\/wp-content\/uploads\/2023\/01\/image-3-768x185.png 768w, https:\/\/hebdosyna.com\/site\/wp-content\/uploads\/2023\/01\/image-3.png 1447w\" sizes=\"auto, (max-width: 1024px) 100vw, 1024px\" \/><figcaption class=\"wp-element-caption\">1987<\/figcaption><\/figure>\n\n\n\n<p><strong>Parachat Vaera (\u05d5\u05d0\u05e8\u05d0 \u2013 Et J&rsquo;apparus), Exode 6, 2 \u00e0 9, 35.<\/strong><br>D.ieu, envoie sur l\u2019\u00c9gypte des plaies destin\u00e9es \u00e0 contraindre Pharaon de laisser partir les h\u00e9breux.<\/p>\n\n\n\n<p class=\"has-text-align-center\"><strong>Exode 8,27<br><\/strong>  \u05d4\u05b4\u05e0\u05b5\u05bc\u05d4 \u05d0\u05b8\u05e0\u05b9\u05db\u05b4\u05d9, \u05e0\u05b9\u05d2\u05b5\u05e3 \u05d0\u05b6\u05ea-\u05db\u05b8\u05bc\u05dc-\u05d2\u05b0\u05bc\u05d1\u05d5\u05bc\u05dc\u05b0\u05da\u05b8&#8211;\u05d1\u05b7\u05bc\u05e6\u05b0\u05e4\u05b7\u05e8\u05b0\u05d3\u05b0\u05bc\u05e2\u05b4\u05d9\u05dd.<br> Je m&rsquo;appr\u00eate \u00e0 infester de grenouilles tout ton territoire.<\/p>\n\n\n\n<p><strong>Les grenouilles :<br><\/strong>Jusqu&rsquo;en 1900, les lampes, appel\u00e9es <em><strong>grenouilles<\/strong><\/em> \u00e9taient utilis\u00e9es dans les mines de charbon de la r\u00e9gion mini\u00e8re du bassin de la Sarre. Les mod\u00e8les les plus connus : grenouilles du Harz, westphaliennes ou sarroises. Elles \u00e9taient dangereuses et provoquaient de nombreux accidents dans les mines par embrasement du gaz et des poussi\u00e8res (coup de grisou).<\/p>\n\n\n<div class=\"wp-block-image\">\n<figure class=\"aligncenter size-large is-resized\"><img loading=\"lazy\" decoding=\"async\" src=\"https:\/\/hebdosyna.com\/site\/wp-content\/uploads\/2023\/01\/image-1024x177.png\" alt=\"\" class=\"wp-image-1802\" width=\"493\" height=\"85\" srcset=\"https:\/\/hebdosyna.com\/site\/wp-content\/uploads\/2023\/01\/image-1024x177.png 1024w, https:\/\/hebdosyna.com\/site\/wp-content\/uploads\/2023\/01\/image-300x52.png 300w, https:\/\/hebdosyna.com\/site\/wp-content\/uploads\/2023\/01\/image-768x133.png 768w, https:\/\/hebdosyna.com\/site\/wp-content\/uploads\/2023\/01\/image.png 1491w\" sizes=\"auto, (max-width: 493px) 100vw, 493px\" \/><figcaption class=\"wp-element-caption\">lampes grenouilles<\/figcaption><\/figure>\n<\/div>\n\n\n<p><strong>Exode des juifs de Saarlouis :<br><\/strong>Les Juifs vivant \u00e0 Sarrelouis sont mentionn\u00e9s d\u00e8s 1685, soit cinq ans apr\u00e8s la fondation de la ville par Louis XIV. Sarrelouis passe d&rsquo;un propri\u00e9taire \u00e0 un autre sans trop de dommage pour la communaut\u00e9 juive. En 1808, suite au d\u00e9cret de Bayonne, l&rsquo;avocat, Herschel Mordechai<sup>1<\/sup> prend le nom de Heinrich Marx. En 1815, par le trait\u00e9 de Paris, la Sarre est rattach\u00e9 \u00e0 la Prusse. Apr\u00e8s la guerre de 14-18, la Sarre est plac\u00e9e sous l&rsquo;administration de la Soci\u00e9t\u00e9 des Nations.&nbsp;Suite au r\u00e9f\u00e9rendum<sup>2<\/sup> de 1935, la Sarre red\u00e9vient allemande. Au cours des deux ann\u00e9es qui suivent, les juifs sont socialement exclus et la plupart des familles juives de Saarlouis quittent la ville pour la France (Lorraine) ou le Luxembourg.&nbsp;<\/p>\n\n\n\n<p class=\"has-text-align-left\"><strong>La synagogue<\/strong> :<br>Novembre 1938, l\u2019int\u00e9rieur de la synagogue est d\u00e9truit. En 1983, le b\u00e2timent est d\u00e9moli. En 1987, un nouveau b\u00e2timent est construit sur le mod\u00e8le de l\u2019ancienne synagogue.<\/p>\n\n\n<div class=\"wp-block-image\">\n<figure class=\"aligncenter size-large is-resized\"><img loading=\"lazy\" decoding=\"async\" src=\"https:\/\/hebdosyna.com\/site\/wp-content\/uploads\/2023\/01\/image-2-1024x286.png\" alt=\"\" class=\"wp-image-1806\" width=\"511\" height=\"142\" srcset=\"https:\/\/hebdosyna.com\/site\/wp-content\/uploads\/2023\/01\/image-2-1024x286.png 1024w, https:\/\/hebdosyna.com\/site\/wp-content\/uploads\/2023\/01\/image-2-300x84.png 300w, https:\/\/hebdosyna.com\/site\/wp-content\/uploads\/2023\/01\/image-2-768x215.png 768w, https:\/\/hebdosyna.com\/site\/wp-content\/uploads\/2023\/01\/image-2.png 1242w\" sizes=\"auto, (max-width: 511px) 100vw, 511px\" \/><figcaption class=\"wp-element-caption\">1828-1983<\/figcaption><\/figure>\n<\/div>\n\n\n<p class=\"has-small-font-size\"><em><sup>1<\/sup> N\u00e9 \u00e0 Sarrelouis et mort \u00e0 Tr\u00e8ves (<em>1777-1838<\/em>), fils du rabbin de Tr\u00e8ves, Levy Mordechai et p\u00e8re de Karl Marx. . <br><sup>2 <\/sup>Apr\u00e8s la seconde guerre mondiale, la Sarre est rattach\u00e9e \u00e0 l&rsquo;administration fran\u00e7aise et sera restitu\u00e9e \u00e0 l&rsquo;Allemagne en 1957, suite au  r\u00e9f\u00e9rendum de 1955.<\/em><\/p>\n","protected":false},"excerpt":{"rendered":"<p>Parachat Vaera (\u05d5\u05d0\u05e8\u05d0 \u2013 Et J&rsquo;apparus), Exode 6, 2 \u00e0 9, 35.D.ieu, envoie sur l\u2019\u00c9gypte des plaies destin\u00e9es \u00e0 contraindre Pharaon de laisser partir les h\u00e9breux. Exode 8,27 \u05d4\u05b4\u05e0\u05b5\u05bc\u05d4 \u05d0\u05b8\u05e0\u05b9\u05db\u05b4\u05d9, \u05e0\u05b9\u05d2\u05b5\u05e3 \u05d0\u05b6\u05ea-\u05db\u05b8\u05bc\u05dc-\u05d2\u05b0\u05bc\u05d1\u05d5\u05bc\u05dc\u05b0\u05da\u05b8&#8211;\u05d1\u05b7\u05bc\u05e6\u05b0\u05e4\u05b7\u05e8\u05b0\u05d3\u05b0\u05bc\u05e2\u05b4\u05d9\u05dd. Je m&rsquo;appr\u00eate \u00e0 infester de grenouilles tout ton territoire. Les grenouilles :Jusqu&rsquo;en 1900, les lampes, appel\u00e9es grenouilles \u00e9taient utilis\u00e9es dans les mines de &hellip; <a href=\"https:\/\/hebdosyna.com\/site\/2023\/01\/20\/saarlouis-sarre-allemagne\/\" class=\"more-link\">Continuer la lecture de <span class=\"screen-reader-text\">Sarrelouis, Sarre, Allemagne<\/span><\/a><\/p>\n","protected":false},"author":1,"featured_media":0,"comment_status":"open","ping_status":"open","sticky":false,"template":"","format":"standard","meta":{"footnotes":""},"categories":[1],"tags":[],"class_list":["post-1801","post","type-post","status-publish","format-standard","hentry","category-uncategorized"],"_links":{"self":[{"href":"https:\/\/hebdosyna.com\/site\/wp-json\/wp\/v2\/posts\/1801","targetHints":{"allow":["GET"]}}],"collection":[{"href":"https:\/\/hebdosyna.com\/site\/wp-json\/wp\/v2\/posts"}],"about":[{"href":"https:\/\/hebdosyna.com\/site\/wp-json\/wp\/v2\/types\/post"}],"author":[{"embeddable":true,"href":"https:\/\/hebdosyna.com\/site\/wp-json\/wp\/v2\/users\/1"}],"replies":[{"embeddable":true,"href":"https:\/\/hebdosyna.com\/site\/wp-json\/wp\/v2\/comments?post=1801"}],"version-history":[{"count":10,"href":"https:\/\/hebdosyna.com\/site\/wp-json\/wp\/v2\/posts\/1801\/revisions"}],"predecessor-version":[{"id":1842,"href":"https:\/\/hebdosyna.com\/site\/wp-json\/wp\/v2\/posts\/1801\/revisions\/1842"}],"wp:attachment":[{"href":"https:\/\/hebdosyna.com\/site\/wp-json\/wp\/v2\/media?parent=1801"}],"wp:term":[{"taxonomy":"category","embeddable":true,"href":"https:\/\/hebdosyna.com\/site\/wp-json\/wp\/v2\/categories?post=1801"},{"taxonomy":"post_tag","embeddable":true,"href":"https:\/\/hebdosyna.com\/site\/wp-json\/wp\/v2\/tags?post=1801"}],"curies":[{"name":"wp","href":"https:\/\/api.w.org\/{rel}","templated":true}]}}