{"id":263,"date":"2022-01-20T20:25:33","date_gmt":"2022-01-20T20:25:33","guid":{"rendered":"https:\/\/hebdosyna.com\/site\/?p=263"},"modified":"2022-01-20T20:25:33","modified_gmt":"2022-01-20T20:25:33","slug":"synagogue-de-subotica-serbie","status":"publish","type":"post","link":"https:\/\/hebdosyna.com\/site\/2022\/01\/20\/synagogue-de-subotica-serbie\/","title":{"rendered":"Synagogue de Subotica, Serbie"},"content":{"rendered":"\n<figure class=\"wp-block-image size-large is-style-default\"><img loading=\"lazy\" decoding=\"async\" width=\"1024\" height=\"358\" src=\"https:\/\/hebdosyna.com\/site\/wp-content\/uploads\/2022\/01\/image-3-1024x358.png\" alt=\"\" class=\"wp-image-264\" srcset=\"https:\/\/hebdosyna.com\/site\/wp-content\/uploads\/2022\/01\/image-3-1024x358.png 1024w, https:\/\/hebdosyna.com\/site\/wp-content\/uploads\/2022\/01\/image-3-300x105.png 300w, https:\/\/hebdosyna.com\/site\/wp-content\/uploads\/2022\/01\/image-3-768x269.png 768w, https:\/\/hebdosyna.com\/site\/wp-content\/uploads\/2022\/01\/image-3-1536x537.png 1536w, https:\/\/hebdosyna.com\/site\/wp-content\/uploads\/2022\/01\/image-3.png 1604w\" sizes=\"auto, (max-width: 1024px) 100vw, 1024px\" \/><figcaption><strong>Shabat Yitro (\u05d9\u05ea\u05e8\u05d5) Exode 18:1-20:23<\/strong><\/figcaption><\/figure>\n\n\n\n<p>Le D\u00e9calogue (Les Dix Paroles) est lu au cours de la sixi\u00e8me aliyah (20:2-17).<br>Les Dix Paroles sont inscrites dans deux parachioth, celle de Yitro et celle de Va&rsquo;et&rsquo;hanan. Une controverse est parfois soulev\u00e9e, \u00e0 savoir si les fid\u00e8les doivent se lever ou non durant la lecture. Se lever pourrait signifier que l\u2019on accorde une plus grande importance \u00e0 ces Dix Paroles qu&rsquo;au reste de la Torah.<\/p>\n\n\n\n<p>Dans la synagogue de Subotica, des Tables de la Loi ont \u00e9t\u00e9 plac\u00e9es au sommet de l\u2019entr\u00e9e principale et au-dessus du Hekhal. <\/p>\n\n\n\n<p>C&rsquo;est la deuxi\u00e8me plus grande d&rsquo;Europe. Elle a \u00e9t\u00e9 con\u00e7ue par les architectes Marcell Komor et Dezs\u0151 Jakab. Les vitraux viennent de l\u2019atelier de Miksa R\u00f3th et les c\u00e9ramiques de Zsolnay. Elle est caract\u00e9ristique du style S\u00e9cession-Hongroise (courant de l&rsquo;Art-Nouveau). Elle figure sur la liste des monuments culturels d&rsquo;importance exceptionnelle de la R\u00e9publique de Serbie. Elle a \u00e9t\u00e9 r\u00e9nov\u00e9e en mars 2018. <\/p>\n\n\n\n<p>Avant la Seconde Guerre mondiale, la communaut\u00e9 juive comptait environ 6 000 membres, dont un millier seulement surv\u00e9cut \u00e0 la Shoah. Aujourd&rsquo;hui, seulement 200 Juifs vivent \u00e0 Subotica.<\/p>\n\n\n\n<p><\/p>\n\n\n\n<p><\/p>\n","protected":false},"excerpt":{"rendered":"<p>Le D\u00e9calogue (Les Dix Paroles) est lu au cours de la sixi\u00e8me aliyah (20:2-17).Les Dix Paroles sont inscrites dans deux parachioth, celle de Yitro et celle de Va&rsquo;et&rsquo;hanan. Une controverse est parfois soulev\u00e9e, \u00e0 savoir si les fid\u00e8les doivent se lever ou non durant la lecture. Se lever pourrait signifier que l\u2019on accorde une plus &hellip; <a href=\"https:\/\/hebdosyna.com\/site\/2022\/01\/20\/synagogue-de-subotica-serbie\/\" class=\"more-link\">Continuer la lecture de <span class=\"screen-reader-text\">Synagogue de Subotica, Serbie<\/span><\/a><\/p>\n","protected":false},"author":1,"featured_media":0,"comment_status":"open","ping_status":"open","sticky":false,"template":"","format":"standard","meta":{"footnotes":""},"categories":[1],"tags":[],"class_list":["post-263","post","type-post","status-publish","format-standard","hentry","category-uncategorized"],"_links":{"self":[{"href":"https:\/\/hebdosyna.com\/site\/wp-json\/wp\/v2\/posts\/263","targetHints":{"allow":["GET"]}}],"collection":[{"href":"https:\/\/hebdosyna.com\/site\/wp-json\/wp\/v2\/posts"}],"about":[{"href":"https:\/\/hebdosyna.com\/site\/wp-json\/wp\/v2\/types\/post"}],"author":[{"embeddable":true,"href":"https:\/\/hebdosyna.com\/site\/wp-json\/wp\/v2\/users\/1"}],"replies":[{"embeddable":true,"href":"https:\/\/hebdosyna.com\/site\/wp-json\/wp\/v2\/comments?post=263"}],"version-history":[{"count":2,"href":"https:\/\/hebdosyna.com\/site\/wp-json\/wp\/v2\/posts\/263\/revisions"}],"predecessor-version":[{"id":291,"href":"https:\/\/hebdosyna.com\/site\/wp-json\/wp\/v2\/posts\/263\/revisions\/291"}],"wp:attachment":[{"href":"https:\/\/hebdosyna.com\/site\/wp-json\/wp\/v2\/media?parent=263"}],"wp:term":[{"taxonomy":"category","embeddable":true,"href":"https:\/\/hebdosyna.com\/site\/wp-json\/wp\/v2\/categories?post=263"},{"taxonomy":"post_tag","embeddable":true,"href":"https:\/\/hebdosyna.com\/site\/wp-json\/wp\/v2\/tags?post=263"}],"curies":[{"name":"wp","href":"https:\/\/api.w.org\/{rel}","templated":true}]}}