{"id":3765,"date":"2024-07-18T19:58:46","date_gmt":"2024-07-18T19:58:46","guid":{"rendered":"https:\/\/hebdosyna.com\/site\/?p=3765"},"modified":"2024-07-18T19:58:47","modified_gmt":"2024-07-18T19:58:47","slug":"ohel-jakob-munich-allemagne","status":"publish","type":"post","link":"https:\/\/hebdosyna.com\/site\/2024\/07\/18\/ohel-jakob-munich-allemagne\/","title":{"rendered":"Ohel Jakob, Munich, Allemagne"},"content":{"rendered":"\n<figure class=\"wp-block-image size-large is-resized\"><img loading=\"lazy\" decoding=\"async\" width=\"1024\" height=\"201\" src=\"https:\/\/hebdosyna.com\/site\/wp-content\/uploads\/2024\/07\/image-1024x201.png\" alt=\"\" class=\"wp-image-3767\" style=\"width:690px;height:auto\" srcset=\"https:\/\/hebdosyna.com\/site\/wp-content\/uploads\/2024\/07\/image-1024x201.png 1024w, https:\/\/hebdosyna.com\/site\/wp-content\/uploads\/2024\/07\/image-300x59.png 300w, https:\/\/hebdosyna.com\/site\/wp-content\/uploads\/2024\/07\/image-768x151.png 768w, https:\/\/hebdosyna.com\/site\/wp-content\/uploads\/2024\/07\/image.png 1310w\" sizes=\"auto, (max-width: 1024px) 100vw, 1024px\" \/><figcaption class=\"wp-element-caption\"><sup>2006<\/sup><\/figcaption><\/figure>\n\n\n\n<p class=\"has-text-align-center\">B<strong>alak (\u05d1\u05b8\u05dc\u05b8\u05e7<\/strong>)<strong>, Nombres, de 22:2-25:9 et Mich\u00e9e  5:6-6:85<\/strong><\/p>\n\n\n\n<p>Cette Paracha tire son nom du roi de Moab et Midian<sup>1<\/sup>, Balak. Celui-ci engage Bilaam, un proph\u00e8te de M\u00e9sopotamie<sup>2<\/sup>, pour maudire Isra\u00ebl. Malgr\u00e9 ses efforts, Bilaam \u00e9choue et finit par b\u00e9nir Isra\u00ebl, proph\u00e9tisant sur la fin des temps<sup>3<\/sup>.<\/p>\n\n\n\n<p class=\"has-text-align-center\">Nombres 25:5<br>\u05de\u05b7\u05d4-\u05d8\u05b9\u05bc\u05d1\u05d5\u05bc \u05d0\u05b9\u05d4\u05b8\u05dc\u05b6\u05d9\u05da\u05b8, \u05d9\u05b7\u05e2\u05b2\u05e7\u05b9\u05d1; \u05de\u05b4\u05e9\u05b0\u05c1\u05db\u05b0\u05bc\u05e0\u05b9\u05ea\u05b6\u05d9\u05da\u05b8, \u05d9\u05b4\u05e9\u05b0\u05c2\u05e8\u05b8\u05d0\u05b5\u05dc.&nbsp;<br>Qu&rsquo;elles sont belles tes tentes, \u00f4 Ya\u2019aqov ! Tes demeures, \u00f4 Isra\u00ebl !<\/p>\n\n\n\n<p>La Synagogue <strong>Ohel Jakob<\/strong> (Tente de Jacob) \u00e0 Munich, \u0153uvre de Rena Wandel-Hoefer et Wolfgang Lorch, est un \u00e9difice moderne en b\u00e9ton et travertin, couronn\u00e9 d\u2019un cube de verre. Son int\u00e9rieur, lambriss\u00e9 de c\u00e8dre et orn\u00e9 de psaumes \u00e9crits en lettres dor\u00e9es, a \u00e9t\u00e9 inaugur\u00e9 le 9 novembre 2006, jour du 68e anniversaire de la Nuit de Cristal<sup>4<\/sup>, t\u00e9moignant de la r\u00e9silience du peuple juif.<\/p>\n\n\n\n<p class=\"has-small-font-size\"><em><sup>1<\/sup> Moav et Midian sont des r\u00e9gions qui correspondent aujourd\u2019hui \u00e0 la Jordanie et \u00e0 la p\u00e9ninsule arabique. <br><sup>2<\/sup> La M\u00e9sopotamie englobe une partie de la Turquie, de la Syrie, de l\u2019Irak, de l\u2019Iran et du Kowe\u00eft. <br><sup>3<\/sup> Nombres 24 :15-25 : Dans leurs commentaires, Rachi, Rambam, Sforno, Malbim, le Talmud, des Midrashim et le Zohar expliquent que Bilam proph\u00e9tise sur les royaumes futurs et sur le Messie. <br><sup>4<\/sup> Pogroms perp\u00e9tr\u00e9s par les nazis les 9 et 10 novembre 1938.<\/em><\/p>\n","protected":false},"excerpt":{"rendered":"<p>Balak (\u05d1\u05b8\u05dc\u05b8\u05e7), Nombres, de 22:2-25:9 et Mich\u00e9e 5:6-6:85 Cette Paracha tire son nom du roi de Moab et Midian1, Balak. Celui-ci engage Bilaam, un proph\u00e8te de M\u00e9sopotamie2, pour maudire Isra\u00ebl. Malgr\u00e9 ses efforts, Bilaam \u00e9choue et finit par b\u00e9nir Isra\u00ebl, proph\u00e9tisant sur la fin des temps3. Nombres 25:5\u05de\u05b7\u05d4-\u05d8\u05b9\u05bc\u05d1\u05d5\u05bc \u05d0\u05b9\u05d4\u05b8\u05dc\u05b6\u05d9\u05da\u05b8, \u05d9\u05b7\u05e2\u05b2\u05e7\u05b9\u05d1; \u05de\u05b4\u05e9\u05b0\u05c1\u05db\u05b0\u05bc\u05e0\u05b9\u05ea\u05b6\u05d9\u05da\u05b8, \u05d9\u05b4\u05e9\u05b0\u05c2\u05e8\u05b8\u05d0\u05b5\u05dc.&nbsp;Qu&rsquo;elles sont belles tes &hellip; <a href=\"https:\/\/hebdosyna.com\/site\/2024\/07\/18\/ohel-jakob-munich-allemagne\/\" class=\"more-link\">Continuer la lecture de <span class=\"screen-reader-text\">Ohel Jakob, Munich, Allemagne<\/span><\/a><\/p>\n","protected":false},"author":1,"featured_media":0,"comment_status":"open","ping_status":"open","sticky":false,"template":"","format":"standard","meta":{"footnotes":""},"categories":[1],"tags":[],"class_list":["post-3765","post","type-post","status-publish","format-standard","hentry","category-uncategorized"],"_links":{"self":[{"href":"https:\/\/hebdosyna.com\/site\/wp-json\/wp\/v2\/posts\/3765","targetHints":{"allow":["GET"]}}],"collection":[{"href":"https:\/\/hebdosyna.com\/site\/wp-json\/wp\/v2\/posts"}],"about":[{"href":"https:\/\/hebdosyna.com\/site\/wp-json\/wp\/v2\/types\/post"}],"author":[{"embeddable":true,"href":"https:\/\/hebdosyna.com\/site\/wp-json\/wp\/v2\/users\/1"}],"replies":[{"embeddable":true,"href":"https:\/\/hebdosyna.com\/site\/wp-json\/wp\/v2\/comments?post=3765"}],"version-history":[{"count":8,"href":"https:\/\/hebdosyna.com\/site\/wp-json\/wp\/v2\/posts\/3765\/revisions"}],"predecessor-version":[{"id":3780,"href":"https:\/\/hebdosyna.com\/site\/wp-json\/wp\/v2\/posts\/3765\/revisions\/3780"}],"wp:attachment":[{"href":"https:\/\/hebdosyna.com\/site\/wp-json\/wp\/v2\/media?parent=3765"}],"wp:term":[{"taxonomy":"category","embeddable":true,"href":"https:\/\/hebdosyna.com\/site\/wp-json\/wp\/v2\/categories?post=3765"},{"taxonomy":"post_tag","embeddable":true,"href":"https:\/\/hebdosyna.com\/site\/wp-json\/wp\/v2\/tags?post=3765"}],"curies":[{"name":"wp","href":"https:\/\/api.w.org\/{rel}","templated":true}]}}