{"id":4186,"date":"2024-11-28T20:52:53","date_gmt":"2024-11-28T20:52:53","guid":{"rendered":"https:\/\/hebdosyna.com\/site\/?p=4186"},"modified":"2024-11-28T20:52:53","modified_gmt":"2024-11-28T20:52:53","slug":"rue-pasti-debrecen-hongrie","status":"publish","type":"post","link":"https:\/\/hebdosyna.com\/site\/2024\/11\/28\/rue-pasti-debrecen-hongrie\/","title":{"rendered":"Rue P\u00e1sti, Debrecen, Hongrie"},"content":{"rendered":"\n<figure class=\"wp-block-image size-large\"><img loading=\"lazy\" decoding=\"async\" width=\"1024\" height=\"411\" src=\"https:\/\/hebdosyna.com\/site\/wp-content\/uploads\/2024\/11\/image-3-1024x411.png\" alt=\"\" class=\"wp-image-4194\" srcset=\"https:\/\/hebdosyna.com\/site\/wp-content\/uploads\/2024\/11\/image-3-1024x411.png 1024w, https:\/\/hebdosyna.com\/site\/wp-content\/uploads\/2024\/11\/image-3-300x120.png 300w, https:\/\/hebdosyna.com\/site\/wp-content\/uploads\/2024\/11\/image-3-768x308.png 768w, https:\/\/hebdosyna.com\/site\/wp-content\/uploads\/2024\/11\/image-3-1536x616.png 1536w, https:\/\/hebdosyna.com\/site\/wp-content\/uploads\/2024\/11\/image-3.png 1621w\" sizes=\"auto, (max-width: 1024px) 100vw, 1024px\" \/><figcaption class=\"wp-element-caption\">1894<\/figcaption><\/figure>\n\n\n\n<p class=\"has-text-align-center\"><strong> Toledot<\/strong>, <strong>Chabbat Ma&rsquo;har &lsquo;Hodech<\/strong><br><sup>Gen\u00e8se 25:19 \u00e0 28:9, Premier Livre de Samuel 20:18-42 et \u00c9sa\u00efe 42:5 et 42:21<\/sup><\/p>\n\n\n\n<p>La parasha <em>Toledot<\/em> raconte la naissance de Yaakov et \u00c9sav, leur rivalit\u00e9 et les b\u00e9n\u00e9dictions d&rsquo;Isaac. La haftara de <em>Chabbat Ma\u2019har Hodesh<\/em> parle de l&rsquo;amiti\u00e9 entre Jonathan et David, mentionne<em> \u00ab\u00a0Demain c&rsquo;est la nouvelle lune\u00a0\u00bb (Samuel I 20:18)<\/em>, souligne la protection divine et l\u2019importance de la loyaut\u00e9. Enfin, les premiers et derniers versets de la haftara de <em>Toledot<\/em> <em>(\u00c9sa\u00efe 42:5 et 42:21)<\/em> \u00e9voquent la mission divine d&rsquo;Isra\u00ebl pour apporter justice et lumi\u00e8re dans le monde.<\/p>\n\n\n\n<p class=\"has-text-align-center\"><strong>Samuel I 20:42<\/strong><br><strong>\u05d5\u05b7\u05d9\u05b9\u05bc\u05d0\u05de\u05b6\u05e8 \u05d9\u05b0\u05d4\u05d5\u05b9\u05e0\u05b8\u05ea\u05b8\u05df \u05dc\u05b0\u05d3\u05b8\u05d5\u05b4\u05d3, \u05dc\u05b5\u05da\u05b0 \u05dc\u05b0\u05e9\u05b8\u05c1\u05dc\u05d5\u05b9\u05dd: \u05d0\u05b2\u05e9\u05b6\u05c1\u05e8 \u05e0\u05b4\u05e9\u05b0\u05c1\u05d1\u05b7\u05bc\u05e2\u05b0\u05e0\u05d5\u05bc \u05e9\u05b0\u05c1\u05e0\u05b5\u05d9\u05e0\u05d5\u05bc \u05d0\u05b2\u05e0\u05b7\u05d7\u05b0\u05e0\u05d5\u05bc,<\/strong><br><strong> \u05d1\u05b0\u05bc\u05e9\u05b5\u05c1\u05dd \u05d4&rsquo;, \u05dc\u05b5\u05d0\u05de\u05b9\u05e8, \u05d4&rsquo; \u05d9\u05b4\u05d4\u05b0\u05d9\u05b6\u05d4 \u05d1\u05b5\u05bc\u05d9\u05e0\u05b4\u05d9 \u05d5\u05bc\u05d1\u05b5\u05d9\u05e0\u05b6\u05da\u05b8 \u05d5\u05bc\u05d1\u05b5\u05d9\u05df \u05d6\u05b7\u05e8\u05b0\u05e2\u05b4\u05d9 \u05d5\u05bc\u05d1\u05b5\u05d9\u05df \u05d6\u05b7\u05e8\u05b0\u05e2\u05b2\u05da\u05b8, \u05e2\u05b7\u05d3-\u05e2\u05d5\u05b9\u05dc\u05b8\u05dd. <\/strong><br>Et Jonathan dit \u00e0 David: \u00ab\u00a0Va en paix, puisque nous nous sommes jur\u00e9 mutuellement <br>au nom de H&rsquo;, en disant: Que H&rsquo; soit entre toi et moi, entre ta post\u00e9rit\u00e9 et la mienne, \u00e0 tout jamais !<\/p>\n\n\n\n<p>Le pr\u00e9sident hongrois Viktor Orb\u00e1n a garanti que les mandats d&rsquo;arr\u00eat internationaux \u00e9mis par la <strong>CPI<\/strong><sup>(1) <\/sup> contre Netanyahou et Gallant ne seront pas appliqu\u00e9s en Hongrie et a d\u00e9cid\u00e9 de suspendre les relations de la Hongrie avec la CPI. Ce geste est un t\u00e9moignage de paix et de loyaut\u00e9 envers Isra\u00ebl. De m\u00eame, en 1990, la ville de Debrecen, en Hongrie, a aussi fait \u0153uvre de paix et de loyaut\u00e9 envers Isra\u00ebl en \u00e9tablissant un jumelage<sup>(2)<\/sup> avec Rishon LeZion . Debrecen compte plusieurs lieux de culte juif, dont la synagogue orthodoxe de la rue Pasti. Construite en 1894, elle est un exemple remarquable d&rsquo;architecture n\u00e9o-mauresque, con\u00e7ue par l&rsquo;architecte <strong>Jakob Gartner<\/strong><sup>(3)<\/sup>. En 2000, la synagogue a \u00e9t\u00e9 officiellement d\u00e9clar\u00e9e monument historique, et sa restauration a \u00e9t\u00e9 lanc\u00e9e. R\u00e9ouverte en 2005, elle sert aujourd&rsquo;hui de lieu de pri\u00e8re ainsi que de centre touristique et de conf\u00e9rence.<\/p>\n\n\n\n<p class=\"has-small-font-size\"><strong><em>Notes<\/em><\/strong><br><em><sup>1<\/sup> <strong>CPI<\/strong> : La Cour p\u00e9nale internationale est une organisation internationale cr\u00e9\u00e9e pour poursuivre les auteurs de crimes de g\u00e9nocide, de crimes contre l&rsquo;humanit\u00e9, de crimes de guerre et de crimes d&rsquo;agression. La CPI si\u00e8ge \u00e0 La Haye, aux Pays-Bas.<br><sup>2<\/sup> Un <strong>jumelage<\/strong> entre deux villes est un geste symbolique qui permet de b\u00e2tir des relations solides et durables de solidarit\u00e9 et de coop\u00e9ration pour le d\u00e9veloppement mutuel en favorisant les \u00e9changes culturels, \u00e9ducatifs et \u00e9conomiques.<\/em><br><em><sup>3<\/sup> <strong>Jakob Gartner <\/strong>(1861-1921) est un architecte juif autrichien sp\u00e9cialis\u00e9 dans les synagogues, connu pour son style \u00e9clectique m\u00ealant influences n\u00e9o-mauresques, n\u00e9o-romanes et historicistes. Parmi ses \u0153uvres majeures figurent la synagogue orthodoxe de Debrecen et celle de G\u00e4nserndorf en Autriche.<\/em><\/p>\n","protected":false},"excerpt":{"rendered":"<p>Toledot, Chabbat Ma&rsquo;har &lsquo;HodechGen\u00e8se 25:19 \u00e0 28:9, Premier Livre de Samuel 20:18-42 et \u00c9sa\u00efe 42:5 et 42:21 La parasha Toledot raconte la naissance de Yaakov et \u00c9sav, leur rivalit\u00e9 et les b\u00e9n\u00e9dictions d&rsquo;Isaac. La haftara de Chabbat Ma\u2019har Hodesh parle de l&rsquo;amiti\u00e9 entre Jonathan et David, mentionne \u00ab\u00a0Demain c&rsquo;est la nouvelle lune\u00a0\u00bb (Samuel I 20:18), &hellip; <a href=\"https:\/\/hebdosyna.com\/site\/2024\/11\/28\/rue-pasti-debrecen-hongrie\/\" class=\"more-link\">Continuer la lecture de <span class=\"screen-reader-text\">Rue P\u00e1sti, Debrecen, Hongrie<\/span><\/a><\/p>\n","protected":false},"author":1,"featured_media":0,"comment_status":"open","ping_status":"open","sticky":false,"template":"","format":"standard","meta":{"footnotes":""},"categories":[1],"tags":[],"class_list":["post-4186","post","type-post","status-publish","format-standard","hentry","category-uncategorized"],"_links":{"self":[{"href":"https:\/\/hebdosyna.com\/site\/wp-json\/wp\/v2\/posts\/4186","targetHints":{"allow":["GET"]}}],"collection":[{"href":"https:\/\/hebdosyna.com\/site\/wp-json\/wp\/v2\/posts"}],"about":[{"href":"https:\/\/hebdosyna.com\/site\/wp-json\/wp\/v2\/types\/post"}],"author":[{"embeddable":true,"href":"https:\/\/hebdosyna.com\/site\/wp-json\/wp\/v2\/users\/1"}],"replies":[{"embeddable":true,"href":"https:\/\/hebdosyna.com\/site\/wp-json\/wp\/v2\/comments?post=4186"}],"version-history":[{"count":12,"href":"https:\/\/hebdosyna.com\/site\/wp-json\/wp\/v2\/posts\/4186\/revisions"}],"predecessor-version":[{"id":4204,"href":"https:\/\/hebdosyna.com\/site\/wp-json\/wp\/v2\/posts\/4186\/revisions\/4204"}],"wp:attachment":[{"href":"https:\/\/hebdosyna.com\/site\/wp-json\/wp\/v2\/media?parent=4186"}],"wp:term":[{"taxonomy":"category","embeddable":true,"href":"https:\/\/hebdosyna.com\/site\/wp-json\/wp\/v2\/categories?post=4186"},{"taxonomy":"post_tag","embeddable":true,"href":"https:\/\/hebdosyna.com\/site\/wp-json\/wp\/v2\/tags?post=4186"}],"curies":[{"name":"wp","href":"https:\/\/api.w.org\/{rel}","templated":true}]}}